{"id":3542,"date":"2023-04-24T19:42:07","date_gmt":"2023-04-24T19:42:07","guid":{"rendered":"https:\/\/farel.net\/?p=3542"},"modified":"2023-07-06T14:05:34","modified_gmt":"2023-07-06T14:05:34","slug":"courses-summer-2023","status":"publish","type":"post","link":"https:\/\/farel.net\/en\/courses-summer-2023\/","title":{"rendered":"Courses: Summer 2023"},"content":{"rendered":"\n<p>The <a rel=\"noreferrer noopener\" href=\"https:\/\/www.fteacadia.com\/grillehoraire.html\" target=\"_blank\">course schedule<\/a> for the summer term is now available through the website of our partner, the Facult\u00e9 de Th\u00e9ologie \u00c9vang\u00e9lique. Please note the following dates:<\/p>\n\n\n\n<ul class=\"wp-block-list\">\n<li>April 30th: last day to register without a late fee (+$25\/course)<\/li>\n\n\n\n<li>May 1st: beginning of term<\/li>\n<\/ul>\n\n\n\n<p>Our director, Bernard Westerveld, will teach the course<strong> History and Principles of the Reformed and Presbyterian Churches<\/strong>.<\/p>\n\n\n\n<p>In addition, a member of the Farel team, Jacques Boulet, will teach <strong>Hebrew V: Advanced Hebrew Readings<\/strong>.<\/p>\n\n\n\n<div class=\"wp-block-buttons is-layout-flex wp-block-buttons-is-layout-flex\">\n<div class=\"wp-block-button\"><a class=\"wp-block-button__link wp-element-button\" href=\"https:\/\/www.fteacadia.com\/grillehoraire.html\" target=\"_blank\" rel=\"noreferrer noopener\">Summer 2023 Courses<\/a><\/div>\n<\/div>\n\n\n\n<br>\n\n\n\n<p>Here is the list of courses:<\/p>\n\n\n\n<ol class=\"wp-block-list\">\n<li>Special Topics: The General Epistles \u2013 P. Constant<\/li>\n\n\n\n<li>Urbanization and Evangelization \u2013 J. Zoellner<\/li>\n\n\n\n<li>Theological English \u2013 A. Di Staulo<\/li>\n\n\n\n<li>Contemporary Approaches to the Bible: Missiological Hermeneutics \u2013 M. Wall<\/li>\n\n\n\n<li>Philosophy of Christian Education \u2013 W. Peach<\/li>\n\n\n\n<li>Addictions, Youth and Adults in Need \u2013 O. Bejarano and P. Millemann<\/li>\n\n\n\n<li>Hebrew V: Advanced Hebrew Readings \u2013 J. Boulet<\/li>\n\n\n\n<li>History and Principles of the Reformed and Presbyterian Churches \u2013 B. Westerveld<\/li>\n<\/ol>\n\n\n\n<div class=\"wp-block-buttons is-layout-flex wp-block-buttons-is-layout-flex\">\n<div class=\"wp-block-button\"><a class=\"wp-block-button__link wp-element-button\" href=\"https:\/\/www.fteacadia.com\/admissions.html\" target=\"_blank\" rel=\"noreferrer noopener\">Register<\/a><\/div>\n<\/div>\n\n\n\n<br>\n\n\n\n<p>To see the <strong>course schedule<\/strong> and the <strong>course descriptions<\/strong>, <a rel=\"noreferrer noopener\" href=\"https:\/\/fteacadia.us3.list-manage.com\/track\/click?u=d29d70b8f2014a78283d320c3&amp;id=a6101e3f5b&amp;e=ca610e7ef4\" target=\"_blank\">click here<\/a>.<\/p>\n\n\n\n<p>To see the course <strong>syllabi<\/strong>, <a rel=\"noreferrer noopener\" href=\"https:\/\/www.fteacadia.com\/syllabus.html\" target=\"_blank\">click here<\/a>.<\/p>\n","protected":false},"excerpt":{"rendered":"<p>The course schedule for the summer term is now available through the website of our partner, the Facult\u00e9 de Th\u00e9ologie \u00c9vang\u00e9lique. Please note the following dates: Our director, Bernard Westerveld, will teach the course History and Principles of the Reformed <span class=\"readmore\"><a href=\"https:\/\/farel.net\/en\/courses-summer-2023\/\">Continue reading<\/a><\/span><\/p>\n","protected":false},"author":1,"featured_media":0,"comment_status":"closed","ping_status":"open","sticky":false,"template":"","format":"standard","meta":{"_jetpack_memberships_contains_paid_content":false,"footnotes":""},"categories":[38],"tags":[],"class_list":["post-3542","post","type-post","status-publish","format-standard","hentry","category-uncategorized"],"jetpack_sharing_enabled":true,"jetpack_featured_media_url":"","_links":{"self":[{"href":"https:\/\/farel.net\/en\/wp-json\/wp\/v2\/posts\/3542","targetHints":{"allow":["GET"]}}],"collection":[{"href":"https:\/\/farel.net\/en\/wp-json\/wp\/v2\/posts"}],"about":[{"href":"https:\/\/farel.net\/en\/wp-json\/wp\/v2\/types\/post"}],"author":[{"embeddable":true,"href":"https:\/\/farel.net\/en\/wp-json\/wp\/v2\/users\/1"}],"replies":[{"embeddable":true,"href":"https:\/\/farel.net\/en\/wp-json\/wp\/v2\/comments?post=3542"}],"version-history":[{"count":2,"href":"https:\/\/farel.net\/en\/wp-json\/wp\/v2\/posts\/3542\/revisions"}],"predecessor-version":[{"id":3551,"href":"https:\/\/farel.net\/en\/wp-json\/wp\/v2\/posts\/3542\/revisions\/3551"}],"wp:attachment":[{"href":"https:\/\/farel.net\/en\/wp-json\/wp\/v2\/media?parent=3542"}],"wp:term":[{"taxonomy":"category","embeddable":true,"href":"https:\/\/farel.net\/en\/wp-json\/wp\/v2\/categories?post=3542"},{"taxonomy":"post_tag","embeddable":true,"href":"https:\/\/farel.net\/en\/wp-json\/wp\/v2\/tags?post=3542"}],"curies":[{"name":"wp","href":"https:\/\/api.w.org\/{rel}","templated":true}]}}