{"id":3266,"date":"2022-04-11T18:28:25","date_gmt":"2022-04-11T18:28:25","guid":{"rendered":"https:\/\/farel.net\/?p=3266"},"modified":"2022-07-19T13:58:09","modified_gmt":"2022-07-19T13:58:09","slug":"courses-summer-2022","status":"publish","type":"post","link":"https:\/\/farel.net\/en\/courses-summer-2022\/","title":{"rendered":"Courses: Summer 2022"},"content":{"rendered":"\n<p>Enrolment is open for the summer 2022 trimester through the website of our partner, the Facult\u00e9 de Th\u00e9ologie \u00c9vang\u00e9lique (FTE). The summer term starts on May 2.<\/p>\n\n\n\n<p>Please note that our director, Jacques Boulet, will be teaching the course entitled Theology of the Reformation, an advanced course based on primary source readings and focusing on Luther and Calvin.<\/p>\n\n\n\n<div class=\"wp-block-buttons alignwide is-horizontal is-content-justification-center is-layout-flex wp-container-core-buttons-is-layout-499968f5 wp-block-buttons-is-layout-flex\">\n<div class=\"wp-block-button\"><a class=\"wp-block-button__link\" href=\"https:\/\/www.fteacadia.com\/grillehoraire.html\" target=\"_blank\" rel=\"noreferrer noopener\">Summer 2022 Courses<\/a><\/div>\n<\/div>\n\n\n\n<br>\n\n\n\n<p>Here is the list of courses:<\/p>\n\n\n\n<ol class=\"has-black-color has-text-color wp-block-list\"><li>Theological English &#8211; Jeanne Djaballah<\/li><li>Pauline Litterature : 2 Corinthians &#8211; Pierre Constant<\/li><li>Leadership in the church &#8211; David Rowley<\/li><li>Family in Christian Perspective &#8211; Ofelia Bejarano<\/li><li>History and Principles of Professing Churches &#8211; Sylvain Aharonian<\/li><li><strong>Theology of the Reformation &#8211; Jacques Boulet<\/strong><\/li><li>Contextual Theology &#8211; McTair Wall<\/li><\/ol>\n\n\n\n<div class=\"wp-block-buttons is-horizontal is-content-justification-center is-layout-flex wp-container-core-buttons-is-layout-499968f5 wp-block-buttons-is-layout-flex\">\n<div class=\"wp-block-button\"><a class=\"wp-block-button__link\" href=\"https:\/\/www.fteacadia.com\/admissions.html\" target=\"_blank\" rel=\"noreferrer noopener\">Register<\/a><\/div>\n<\/div>\n\n\n\n<br>\n\n\n\n<p>To see the&nbsp;<strong>course schedule&nbsp;<\/strong>and full course<strong>&nbsp;description<\/strong>s,&nbsp;<a rel=\"noreferrer noopener\" href=\"https:\/\/fteacadia.us3.list-manage.com\/track\/click?u=d29d70b8f2014a78283d320c3&amp;id=a6101e3f5b&amp;e=ca610e7ef4\" target=\"_blank\">click here<\/a>.<\/p>\n\n\n\n<p>To see the syllabus for one of these courses,&nbsp;<a rel=\"noreferrer noopener\" href=\"https:\/\/www.fteacadia.com\/syllabus.html\" target=\"_blank\">click here<\/a>.<\/p>\n","protected":false},"excerpt":{"rendered":"<p>Enrolment is open for the summer 2022 trimester through the website of our partner, the Facult\u00e9 de Th\u00e9ologie \u00c9vang\u00e9lique (FTE). The summer term starts on May 2. Please note that our director, Jacques Boulet, will be teaching the course entitled <span class=\"readmore\"><a href=\"https:\/\/farel.net\/en\/courses-summer-2022\/\">Continue reading<\/a><\/span><\/p>\n","protected":false},"author":1,"featured_media":0,"comment_status":"closed","ping_status":"open","sticky":false,"template":"","format":"standard","meta":{"_jetpack_memberships_contains_paid_content":false,"footnotes":""},"categories":[52,49],"tags":[],"class_list":["post-3266","post","type-post","status-publish","format-standard","hentry","category-courses","category-news"],"jetpack_sharing_enabled":true,"jetpack_featured_media_url":"","_links":{"self":[{"href":"https:\/\/farel.net\/en\/wp-json\/wp\/v2\/posts\/3266","targetHints":{"allow":["GET"]}}],"collection":[{"href":"https:\/\/farel.net\/en\/wp-json\/wp\/v2\/posts"}],"about":[{"href":"https:\/\/farel.net\/en\/wp-json\/wp\/v2\/types\/post"}],"author":[{"embeddable":true,"href":"https:\/\/farel.net\/en\/wp-json\/wp\/v2\/users\/1"}],"replies":[{"embeddable":true,"href":"https:\/\/farel.net\/en\/wp-json\/wp\/v2\/comments?post=3266"}],"version-history":[{"count":3,"href":"https:\/\/farel.net\/en\/wp-json\/wp\/v2\/posts\/3266\/revisions"}],"predecessor-version":[{"id":3431,"href":"https:\/\/farel.net\/en\/wp-json\/wp\/v2\/posts\/3266\/revisions\/3431"}],"wp:attachment":[{"href":"https:\/\/farel.net\/en\/wp-json\/wp\/v2\/media?parent=3266"}],"wp:term":[{"taxonomy":"category","embeddable":true,"href":"https:\/\/farel.net\/en\/wp-json\/wp\/v2\/categories?post=3266"},{"taxonomy":"post_tag","embeddable":true,"href":"https:\/\/farel.net\/en\/wp-json\/wp\/v2\/tags?post=3266"}],"curies":[{"name":"wp","href":"https:\/\/api.w.org\/{rel}","templated":true}]}}